{"id":362,"date":"2023-02-09T14:31:14","date_gmt":"2023-02-09T14:31:14","guid":{"rendered":"https:\/\/motorinvest.ro\/?p=362"},"modified":"2023-02-15T09:31:09","modified_gmt":"2023-02-15T09:31:09","slug":"ghid-in-consultare-publica-intensificarea-cresterii-durabile-si-a-competitivitatii-microintrepinderilor-si-intreprinderi-mici-din-regiunea-sud-muntenia","status":"publish","type":"post","link":"https:\/\/motorinvest.ro\/index.php\/2023\/02\/09\/ghid-in-consultare-publica-intensificarea-cresterii-durabile-si-a-competitivitatii-microintrepinderilor-si-intreprinderi-mici-din-regiunea-sud-muntenia\/","title":{"rendered":"MICROINTREPRINDERI SI INTREPRINDERI MICI &#8211; ADR SUD-MUNTENIA"},"content":{"rendered":"\n<h3 class=\"wp-block-heading\">Obiectiv de politic\u0103<\/h3>\n\n\n\n<p>Obiectivul de Politic\u0103 1 &#8211; O Europ\u0103 mai competitiv\u0103 \u0219i mai inteligent\u0103, prin promovarea unei transform\u0103ri economice inovatoare \u0219i inteligente \u0219i a conectivit\u0103\u021bii TIC<\/p>\n\n\n\n<h3 class=\"wp-block-heading\">Obiectiv Specific<\/h3>\n\n\n\n<p>Obiectivul Specific RSO 1.3 &#8211; Intensificarea cre\u0219terii sustenabile \u0219i cre\u0219terea competitivit\u0103\u021bii IMM-urilor \u0219i crearea de locuri de munc\u0103 \u00een cadrul IMM-urilor, inclusiv prin investi\u021bii productive (FEDR)<\/p>\n\n\n\n<h3 class=\"wp-block-heading\">Opera\u021biune<\/h3>\n\n\n\n<p>Opera\u021biunea A &#8211;&nbsp;Intensificarea cre\u0219terii durabile \u0219i a competitivit\u0103\u021bii micro\u00eentrepinderilor \u0219i \u00eentreprinderi mici din regiunea Sud-Muntenia.<\/p>\n\n\n\n<h3 class=\"wp-block-heading\">Activit\u0103\u021bi eligibile<\/h3>\n\n\n\n<ul class=\"wp-block-list\">\n<li>investi\u021bii \u00een active corporale \u0219i necorporale;<\/li>\n\n\n\n<li>activit\u0103\u021bi specifice economiei circulare (ex. revalorificarea materiilor prime, materialelor \u0219i produselor, valorificarea de\u0219eurilor \u0219i produselor secundare proprii prin simbioz\u0103 industrial\u0103, etc);<\/li>\n\n\n\n<li>activit\u0103\u021bi specifice interna\u021bionaliz\u0103rii (ex. acces la servicii de intrare pe pie\u021be interna\u021bionale\/Pia\u021ba Unic\u0103 pentru identificare de oportunit\u0103\u021bi de afaceri, parteneri \u0219i furnizare de asisten\u021b\u0103 specializat\u0103 pentru norme \u0219i reglement\u0103ri, participarea la t\u00e2rguri \u015fi expozi\u0163ii interna\u0163ionale, investi\u0163ii \u00een adaptarea proceselor tehnologice de produc\u0163ie la sistemele de certificare \u015fi standardizare specifice pie\u0163elor de export, etc.);<\/li>\n\n\n\n<li>activit\u0103\u021bi specifice certific\u0103rii \u0219i omolog\u0103rii produselor \u0219i serviciilor, \u00een vederea updat\u0103rii tehnologice, ce va conduce la \u00eembun\u0103t\u0103\u021birea capacit\u0103\u021bilor tehnice, industriale \u0219i organiza\u021bionale pentru dezvoltarea de produse \u0219i servicii;<\/li>\n\n\n\n<li>se vor finan\u021ba \u0219i activit\u0103\u021bi de digitalizare a micro\u00eentreprinderilor \u0219i \u00eentreprinderilor mici, drept activit\u0103\u021bi conexe, ca parte a unui proiect integrat.<\/li>\n<\/ul>\n\n\n\n<p>\u00cen cadrul prezentului apel de proiecte, valoarea minim\u0103 a asisten\u021bei nerambursabile solicitate pentru un proiect este de <strong><u>50.000,00<\/u> <u>euro<\/u><\/strong>, echivalent \u00een lei la cursul de schimb InforEuro, valabil la data lans\u0103rii apelului de proiecte iar valoarea maxima a acesteia nu poate depasi plafonul de minimis respectiv <strong>200.000,00 euro<\/strong>. <\/p>\n\n\n\n<p><strong>Contribu\u021bia solicitantului la finan\u021barea investi\u021biei trebuie s\u0103 fie de minimum <u>minimum 10% din valoarea eligibil\u0103 a investi\u021biei.<\/u><\/strong><\/p>\n\n\n\n<p>Pentru acest apel de proiecte alocarea financiar\u0103 este de <strong>47.058.823,62 euro<\/strong>, din care:<\/p>\n\n\n\n<ul class=\"wp-block-list\">\n<li>contribu\u021bie FEDR \u2013 <strong>40.000.000,00 euro<\/strong>;<\/li>\n<\/ul>\n\n\n\n<p>contribu\u021bie Buget de Stat \u2013 <strong>7.058.823,62 euro.<\/strong><\/p>\n\n\n\n<figure class=\"wp-block-image size-large\"><img fetchpriority=\"high\" decoding=\"async\" width=\"1024\" height=\"683\" src=\"https:\/\/motorinvest.ro\/wp-content\/uploads\/2023\/02\/20150526212415-shutterstock-178724273-1024x683.jpeg\" alt=\"\" class=\"wp-image-365\" srcset=\"https:\/\/motorinvest.ro\/wp-content\/uploads\/2023\/02\/20150526212415-shutterstock-178724273-1024x683.jpeg 1024w, https:\/\/motorinvest.ro\/wp-content\/uploads\/2023\/02\/20150526212415-shutterstock-178724273-300x200.jpeg 300w, https:\/\/motorinvest.ro\/wp-content\/uploads\/2023\/02\/20150526212415-shutterstock-178724273-768x512.jpeg 768w, https:\/\/motorinvest.ro\/wp-content\/uploads\/2023\/02\/20150526212415-shutterstock-178724273-1536x1025.jpeg 1536w, https:\/\/motorinvest.ro\/wp-content\/uploads\/2023\/02\/20150526212415-shutterstock-178724273.jpeg 2000w\" sizes=\"(max-width: 1024px) 100vw, 1024px\" \/><\/figure>\n\n\n\n<p>Pentru a fi eligibili \u00een cadrul prezentul apel de proiecte, solicitan\u021bii trebuie s\u0103 \u00eendeplineasc\u0103, cumulativ, condi\u021biile specificate mai jos:<\/p>\n\n\n\n<ol class=\"wp-block-list\" type=\"1\">\n<li><strong>S\u0103 fie&nbsp; societ\u0103\u021bi sau societ\u0103\u021bi cooperative<\/strong> din regiunea Sud-Muntenia, constituite \u00een baza Legii societ\u0103\u021bilor nr. 31\/1990, republicat\u0103, cu modific\u0103rile \u0219i complet\u0103rile ulterioare, sau a Legii nr. 1\/2005 privind organizarea \u0219i func\u021bionarea coopera\u021biei, republicat\u0103, care se \u00eencadreaz\u0103 \u00een categoria micro\u00eentreprinderilor \u0219i a \u00eentreprinderilor mici non agricole din mediul rural \u0219i din mediul urban, inclusiv din satele apar\u021bin\u0103toare acestora.<\/li>\n<\/ol>\n\n\n\n<ul class=\"wp-block-list\">\n<li><strong>S\u0103 fi desf\u0103\u0219urat activitate<\/strong> \u00een regiunea Sud Muntenia pe o perioad\u0103 corespunz\u0103toare, cel pu\u021bin, unui an fiscal integral anterior depunerii cererii de finan\u021bare, cel pu\u021bin, \u00eencep\u00e2nd cu data de 1 ianuarie 2022, s\u0103 nu fi avut activitatea suspendat\u0103 temporar oric\u00e2nd \u00een anul curent depunerii cererii de finan\u021bare &#8211; 2023 \u0219i \u00een anul fiscal anterior, respectiv 2022, \u0219i a \u00eenregistrat profit din exploatare (&gt; 0 lei) \u00een anul fiscal anterior depunerii cererii de finan\u021bare, respectiv 2022.<\/li>\n<\/ul>\n\n\n\n<ul class=\"wp-block-list\">\n<li><strong>La data depunerii cererii de finan\u021bare, solicitantul trebuie s\u0103 aib\u0103<\/strong> deja domeniul de activitate eligibil (clasa CAEN), vizat de investi\u021bie, \u00eenscris ca obiect de activitate, indiferent dac\u0103 acesta reprezint\u0103 activitatea principal\u0103 sau secundar\u0103 a \u00eentreprinderii<\/li>\n<\/ul>\n\n\n\n<ul class=\"wp-block-list\">\n<li><strong>Solicitantul se \u00eencadreaz\u0103 \u00een categoria micro\u00eentreprinderilor sau a \u00eentreprinderilor mici<\/strong>, conform prevederilor Legii nr. 346\/2004 privind stimularea \u00eenfiin\u021b\u0103rii \u0219i dezvolt\u0103rii IMM-urilor, cu modific\u0103rile \u0219i complet\u0103rile ulterioare, dup\u0103 cum urmeaz\u0103 : \n<ul class=\"wp-block-list\">\n<li>micro\u00eentreprindere &#8211; are p\u00e2n\u0103 la 9 salaria\u021bi \u0219i realizeaz\u0103 o cifr\u0103 de afaceri anual\u0103 net\u0103 sau de\u021bine active totale de p\u00e2n\u0103 la 2 milioane euro, echivalent \u00een lei;<\/li>\n\n\n\n<li>\u00eentreprindere mic\u0103 &#8211; are \u00eentre 10 \u0219i 49 de salaria\u021bi \u0219i realizeaz\u0103 o cifr\u0103 de afaceri anual\u0103 net\u0103 sau de\u021bine active totale de p\u00e2n\u0103 la 10 milioane euro, echivalent \u00een lei.<\/li>\n<\/ul>\n<\/li>\n<\/ul>\n\n\n\n<p><strong><u>Nu sunt eligibile pr<\/u><\/strong>oiectele care includ doar investi\u0163ii \u00een active necorporale.<\/p>\n\n\n\n<p>Mai jos se regaseste lista codurilor CAEN care pot aplica pentru finantare. <\/p>\n\n\n\n<div id=\"wp-block-file--media-f4947fa6-e16f-4b61-8fb9-b5c94f635bb1\" class=\"wp-block-file\"><a id=\"wp-block-file--media-f4947fa6-e16f-4b61-8fb9-b5c94f635bb1\" href=\"https:\/\/motorinvest.ro\/wp-content\/uploads\/2023\/02\/Lista-coduri-CAEN_MICROMICI.docx\">Lista-coduri-CAEN_MICROMICI<\/a><a href=\"https:\/\/motorinvest.ro\/wp-content\/uploads\/2023\/02\/Lista-coduri-CAEN_MICROMICI.docx\" class=\"wp-block-file__button wp-element-button\" download aria-describedby=\"wp-block-file--media-f4947fa6-e16f-4b61-8fb9-b5c94f635bb1\">Download<\/a><\/div>\n","protected":false},"excerpt":{"rendered":"<p>Obiectiv de politic\u0103 Obiectivul de Politic\u0103 1 &#8211; O Europ\u0103 mai competitiv\u0103 \u0219i mai inteligent\u0103, prin promovarea unei transform\u0103ri economice inovatoare \u0219i inteligente \u0219i a conectivit\u0103\u021bii TIC Obiectiv Specific Obiectivul Specific RSO 1.3 &#8211; Intensificarea cre\u0219terii sustenabile \u0219i cre\u0219terea competitivit\u0103\u021bii IMM-urilor \u0219i crearea de locuri de munc\u0103 \u00een cadrul IMM-urilor, inclusiv prin investi\u021bii productive (FEDR)<br \/><a class=\"btn btn-theme post-btn\" href=\"https:\/\/motorinvest.ro\/index.php\/2023\/02\/09\/ghid-in-consultare-publica-intensificarea-cresterii-durabile-si-a-competitivitatii-microintrepinderilor-si-intreprinderi-mici-din-regiunea-sud-muntenia\/\">Read More<\/a><\/p>\n","protected":false},"author":1,"featured_media":0,"comment_status":"open","ping_status":"open","sticky":false,"template":"","format":"standard","meta":{"om_disable_all_campaigns":false,"footnotes":""},"categories":[43,2,30],"tags":[52,39,45,28,22,44,48],"class_list":["post-362","post","type-post","status-publish","format-standard","hentry","category-adr","category-business","category-fonduri-europene","tag-adr","tag-ajutor-de-minimis","tag-arges","tag-fonduri-europene","tag-fonduri-nerambursabile","tag-sud-muntenia","tag-teleorman"],"aioseo_notices":[],"_links":{"self":[{"href":"https:\/\/motorinvest.ro\/index.php\/wp-json\/wp\/v2\/posts\/362","targetHints":{"allow":["GET"]}}],"collection":[{"href":"https:\/\/motorinvest.ro\/index.php\/wp-json\/wp\/v2\/posts"}],"about":[{"href":"https:\/\/motorinvest.ro\/index.php\/wp-json\/wp\/v2\/types\/post"}],"author":[{"embeddable":true,"href":"https:\/\/motorinvest.ro\/index.php\/wp-json\/wp\/v2\/users\/1"}],"replies":[{"embeddable":true,"href":"https:\/\/motorinvest.ro\/index.php\/wp-json\/wp\/v2\/comments?post=362"}],"version-history":[{"count":12,"href":"https:\/\/motorinvest.ro\/index.php\/wp-json\/wp\/v2\/posts\/362\/revisions"}],"predecessor-version":[{"id":388,"href":"https:\/\/motorinvest.ro\/index.php\/wp-json\/wp\/v2\/posts\/362\/revisions\/388"}],"wp:attachment":[{"href":"https:\/\/motorinvest.ro\/index.php\/wp-json\/wp\/v2\/media?parent=362"}],"wp:term":[{"taxonomy":"category","embeddable":true,"href":"https:\/\/motorinvest.ro\/index.php\/wp-json\/wp\/v2\/categories?post=362"},{"taxonomy":"post_tag","embeddable":true,"href":"https:\/\/motorinvest.ro\/index.php\/wp-json\/wp\/v2\/tags?post=362"}],"curies":[{"name":"wp","href":"https:\/\/api.w.org\/{rel}","templated":true}]}}